{"id":1796,"date":"2023-02-20T11:52:23","date_gmt":"2023-02-20T10:52:23","guid":{"rendered":"https:\/\/crossnet.potres.hr\/?p=1796"},"modified":"2023-08-01T13:09:35","modified_gmt":"2023-08-01T11:09:35","slug":"postavljanje-mobilnih-postaja-na-otoku-krku","status":"publish","type":"post","link":"https:\/\/crossnet.potres.hr\/index.php\/2023\/02\/20\/postavljanje-mobilnih-postaja-na-otoku-krku\/","title":{"rendered":"Postavljanje mobilnih postaja na otoku Krku"},"content":{"rendered":"\n<p class=\"has-text-align-justify\">U jutarnjim satima 16. velja\u010de, u 10 sati i 47 minuta, u blizini mjesta Draga Ba\u0161\u0107anska na otoku Krku dogodio se jak potres magnitude 4.8 prema Richteru. Intenzitet u epicentru procijenjen je na VI stupnjeva EMS (Europska makroseizmi\u010dka ljestvica). Potres se osjetio na \u0161irem podru\u010dju. Nakon njega uslijedio je niz slabijih potresa od kojih je najja\u010di bio magnitude 2.7 prema Richteru, a dogodio se u 09 sati i 53 minute. (Izvor: <a href=\"https:\/\/www.pmf.unizg.hr\/geof\/popularizacija_geofizike\/o_potresima\" class=\"ek-link\">Izvje\u0161\u0107e<\/a>)<\/p>\n\n\n\n<p class=\"has-text-align-justify\">U periodu od \u010detvrtka 16. do subote 18. velja\u010de djelatnici Seizmolo\u0161ke slu\u017ebe Republike Hrvatske i suradnici na projektu CROSSNET postavili su 13 mobilnih postaja koje \u0107e bilje\u017eiti naknadne potrese na podru\u010dju otoka Krka i njegove okolice. U narednih nekoliko tjedana ili \u010dak mjeseci mo\u017ee se o\u010dekivati poja\u010dana seizmi\u010dka aktivnost u okolici epicentra glavnog potresa, a postavljena mobilna mre\u017ea omogu\u0107it \u0107e bolje pra\u0107enje seizmi\u010dke aktivnosti na navedenom epicentralnom podru\u010dju.<\/p>\n\n\n\n<div style=\"text-align: center;\u201d><figure class=\"wp-block-image aligncenter size-large is-resized\"><img fetchpriority=\"high\" decoding=\"async\" src=\"https:\/\/crossnet.potres.hr\/wp-content\/uploads\/2023\/02\/KRK_postaje-1024x927.jpg\" alt=\"\" class=\"wp-image-1797\" width=\"607\" height=\"549\" srcset=\"https:\/\/crossnet.potres.hr\/wp-content\/uploads\/2023\/02\/KRK_postaje-1024x927.jpg 1024w, https:\/\/crossnet.potres.hr\/wp-content\/uploads\/2023\/02\/KRK_postaje-300x272.jpg 300w, https:\/\/crossnet.potres.hr\/wp-content\/uploads\/2023\/02\/KRK_postaje-150x136.jpg 150w, https:\/\/crossnet.potres.hr\/wp-content\/uploads\/2023\/02\/KRK_postaje-768x695.jpg 768w, https:\/\/crossnet.potres.hr\/wp-content\/uploads\/2023\/02\/KRK_postaje-1536x1391.jpg 1536w, https:\/\/crossnet.potres.hr\/wp-content\/uploads\/2023\/02\/KRK_postaje-2048x1854.jpg 2048w, https:\/\/crossnet.potres.hr\/wp-content\/uploads\/2023\/02\/KRK_postaje-2000x1811.jpg 2000w, https:\/\/crossnet.potres.hr\/wp-content\/uploads\/2023\/02\/KRK_postaje-600x543.jpg 600w\" sizes=\"(max-width: 607px) 100vw, 607px\" \/><\/figure><\/div>\n\n\n\n<p class=\"has-text-align-justify\">Na 13 mobilnih postaja sveukupno je postavljeno sedam ETNA 2 akcelerografa koji slu\u017ee za bilje\u017eenje bliskih jakih potresa, deset minijaturnih \u0161irokopojasnih seizmometara MBB-2 i deset Quanterra Q8 koje slu\u017ee za prikupljanje podataka sa seizmolo\u0161kih senzora.<\/p>\n\n\n\n<figure class=\"wp-block-gallery has-nested-images columns-3 is-cropped wp-block-gallery-1 is-layout-flex wp-block-gallery-is-layout-flex\">\n<figure class=\"wp-block-image size-large\"><img decoding=\"async\" width=\"1024\" height=\"768\" data-id=\"1807\" src=\"https:\/\/crossnet.potres.hr\/wp-content\/uploads\/2023\/02\/Fotografija7-1024x768.jpg\" alt=\"\" class=\"wp-image-1807\" srcset=\"https:\/\/crossnet.potres.hr\/wp-content\/uploads\/2023\/02\/Fotografija7-1024x768.jpg 1024w, https:\/\/crossnet.potres.hr\/wp-content\/uploads\/2023\/02\/Fotografija7-300x225.jpg 300w, https:\/\/crossnet.potres.hr\/wp-content\/uploads\/2023\/02\/Fotografija7-150x113.jpg 150w, https:\/\/crossnet.potres.hr\/wp-content\/uploads\/2023\/02\/Fotografija7-768x576.jpg 768w, https:\/\/crossnet.potres.hr\/wp-content\/uploads\/2023\/02\/Fotografija7-600x450.jpg 600w, https:\/\/crossnet.potres.hr\/wp-content\/uploads\/2023\/02\/Fotografija7.jpg 1280w\" sizes=\"(max-width: 1024px) 100vw, 1024px\" \/><\/figure>\n\n\n\n<figure class=\"wp-block-image size-large\"><img decoding=\"async\" width=\"768\" height=\"1024\" data-id=\"1804\" src=\"https:\/\/crossnet.potres.hr\/wp-content\/uploads\/2023\/02\/20230217_181424-768x1024.jpg\" alt=\"\" class=\"wp-image-1804\" srcset=\"https:\/\/crossnet.potres.hr\/wp-content\/uploads\/2023\/02\/20230217_181424-768x1024.jpg 768w, https:\/\/crossnet.potres.hr\/wp-content\/uploads\/2023\/02\/20230217_181424-225x300.jpg 225w, https:\/\/crossnet.potres.hr\/wp-content\/uploads\/2023\/02\/20230217_181424-113x150.jpg 113w, https:\/\/crossnet.potres.hr\/wp-content\/uploads\/2023\/02\/20230217_181424-1152x1536.jpg 1152w, https:\/\/crossnet.potres.hr\/wp-content\/uploads\/2023\/02\/20230217_181424-1536x2048.jpg 1536w, https:\/\/crossnet.potres.hr\/wp-content\/uploads\/2023\/02\/20230217_181424-2000x2667.jpg 2000w, https:\/\/crossnet.potres.hr\/wp-content\/uploads\/2023\/02\/20230217_181424-600x800.jpg 600w, https:\/\/crossnet.potres.hr\/wp-content\/uploads\/2023\/02\/20230217_181424-scaled.jpg 1920w\" sizes=\"(max-width: 768px) 100vw, 768px\" \/><\/figure>\n\n\n\n<figure class=\"wp-block-image size-large\"><img loading=\"lazy\" decoding=\"async\" width=\"768\" height=\"1024\" data-id=\"1808\" src=\"https:\/\/crossnet.potres.hr\/wp-content\/uploads\/2023\/02\/20230218_101457-1-768x1024.jpg\" alt=\"\" class=\"wp-image-1808\" srcset=\"https:\/\/crossnet.potres.hr\/wp-content\/uploads\/2023\/02\/20230218_101457-1-768x1024.jpg 768w, https:\/\/crossnet.potres.hr\/wp-content\/uploads\/2023\/02\/20230218_101457-1-225x300.jpg 225w, https:\/\/crossnet.potres.hr\/wp-content\/uploads\/2023\/02\/20230218_101457-1-113x150.jpg 113w, https:\/\/crossnet.potres.hr\/wp-content\/uploads\/2023\/02\/20230218_101457-1-1152x1536.jpg 1152w, https:\/\/crossnet.potres.hr\/wp-content\/uploads\/2023\/02\/20230218_101457-1-1536x2048.jpg 1536w, https:\/\/crossnet.potres.hr\/wp-content\/uploads\/2023\/02\/20230218_101457-1-2000x2667.jpg 2000w, https:\/\/crossnet.potres.hr\/wp-content\/uploads\/2023\/02\/20230218_101457-1-600x800.jpg 600w, https:\/\/crossnet.potres.hr\/wp-content\/uploads\/2023\/02\/20230218_101457-1-scaled.jpg 1920w\" sizes=\"(max-width: 768px) 100vw, 768px\" \/><\/figure>\n<\/figure>\n\n\n\n<p class=\"has-text-align-justify\">Dana 20. velja\u010de u 17:04:29.2 UTC, na granici Turske i Sirije dogodio se potres procijenjenog intenziteta u epicentru VIII\u00b0 EMS, lokalna magnituda iznosila je 6.3. Na slikama je prikazan zapis potresa na novopostavljenim stanicama u Ba\u0161koj i Vrbniku na otoku Krku.<\/p>\n\n\n\n<figure class=\"wp-block-gallery has-nested-images columns-default is-cropped wp-block-gallery-2 is-layout-flex wp-block-gallery-is-layout-flex\">\n<figure class=\"wp-block-image size-large\"><img loading=\"lazy\" decoding=\"async\" width=\"762\" height=\"758\" data-id=\"1858\" src=\"https:\/\/crossnet.potres.hr\/wp-content\/uploads\/2023\/02\/MicrosoftTeams-image-4-1.png\" alt=\"\" class=\"wp-image-1858\" srcset=\"https:\/\/crossnet.potres.hr\/wp-content\/uploads\/2023\/02\/MicrosoftTeams-image-4-1.png 762w, https:\/\/crossnet.potres.hr\/wp-content\/uploads\/2023\/02\/MicrosoftTeams-image-4-1-300x298.png 300w, https:\/\/crossnet.potres.hr\/wp-content\/uploads\/2023\/02\/MicrosoftTeams-image-4-1-150x150.png 150w, https:\/\/crossnet.potres.hr\/wp-content\/uploads\/2023\/02\/MicrosoftTeams-image-4-1-600x597.png 600w\" sizes=\"(max-width: 762px) 100vw, 762px\" \/><\/figure>\n\n\n\n<figure class=\"wp-block-image size-large\"><img loading=\"lazy\" decoding=\"async\" width=\"762\" height=\"727\" data-id=\"1859\" src=\"https:\/\/crossnet.potres.hr\/wp-content\/uploads\/2023\/02\/MicrosoftTeams-image-5-1.png\" alt=\"\" class=\"wp-image-1859\" srcset=\"https:\/\/crossnet.potres.hr\/wp-content\/uploads\/2023\/02\/MicrosoftTeams-image-5-1.png 762w, https:\/\/crossnet.potres.hr\/wp-content\/uploads\/2023\/02\/MicrosoftTeams-image-5-1-300x286.png 300w, https:\/\/crossnet.potres.hr\/wp-content\/uploads\/2023\/02\/MicrosoftTeams-image-5-1-150x143.png 150w, https:\/\/crossnet.potres.hr\/wp-content\/uploads\/2023\/02\/MicrosoftTeams-image-5-1-600x572.png 600w\" sizes=\"(max-width: 762px) 100vw, 762px\" \/><\/figure>\n<\/figure>\n","protected":false},"excerpt":{"rendered":"<p>U jutarnjim satima 16. velja\u010de, u 10 sati i 47 minuta, u blizini mjesta Draga Ba\u0161\u0107anska na otoku Krku dogodio se jak potres magnitude 4.8 prema Richteru. Intenzitet u epicentru procijenjen je na VI stupnjeva EMS (Europska makroseizmi\u010dka ljestvica). Potres se osjetio na \u0161irem podru\u010dju. Nakon njega uslijedio je niz slabijih potresa od kojih je &hellip; <\/p>\n<p class=\"link-more\"><a href=\"https:\/\/crossnet.potres.hr\/index.php\/2023\/02\/20\/postavljanje-mobilnih-postaja-na-otoku-krku\/\" class=\"more-link\">Read more<span class=\"screen-reader-text\"> &#8220;Postavljanje mobilnih postaja na otoku Krku&#8221;<\/span><\/a><\/p>\n","protected":false},"author":2,"featured_media":2243,"comment_status":"closed","ping_status":"closed","sticky":false,"template":"","format":"standard","meta":{"_editorskit_title_hidden":false,"_editorskit_reading_time":1,"_editorskit_is_block_options_detached":false,"_editorskit_block_options_position":"{}","om_disable_all_campaigns":false,"_monsterinsights_skip_tracking":false,"_monsterinsights_sitenote_active":false,"_monsterinsights_sitenote_note":"","_monsterinsights_sitenote_category":0,"footnotes":""},"categories":[87],"tags":[],"class_list":["post-1796","post","type-post","status-publish","format-standard","has-post-thumbnail","hentry","category-tereni"],"aioseo_notices":[],"featured_media_urls":{"thumbnail":["https:\/\/crossnet.potres.hr\/wp-content\/uploads\/2023\/02\/20230216_135737-2-150x59.jpg",150,59,true],"medium":["https:\/\/crossnet.potres.hr\/wp-content\/uploads\/2023\/02\/20230216_135737-2-300x117.jpg",300,117,true],"medium_large":["https:\/\/crossnet.potres.hr\/wp-content\/uploads\/2023\/02\/20230216_135737-2-768x300.jpg",768,300,true],"large":["https:\/\/crossnet.potres.hr\/wp-content\/uploads\/2023\/02\/20230216_135737-2-1024x401.jpg",950,372,true],"1536x1536":["https:\/\/crossnet.potres.hr\/wp-content\/uploads\/2023\/02\/20230216_135737-2-1536x601.jpg",1536,601,true],"2048x2048":["https:\/\/crossnet.potres.hr\/wp-content\/uploads\/2023\/02\/20230216_135737-2-2048x801.jpg",2048,801,true],"inspiro-featured-image":["https:\/\/crossnet.potres.hr\/wp-content\/uploads\/2023\/02\/20230216_135737-2-2000x783.jpg",2000,783,true],"inspiro-loop":["https:\/\/crossnet.potres.hr\/wp-content\/uploads\/2023\/02\/20230216_135737-2-950x320.jpg",950,320,true],"inspiro-loop@2x":["https:\/\/crossnet.potres.hr\/wp-content\/uploads\/2023\/02\/20230216_135737-2-1900x640.jpg",1900,640,true],"portfolio_item-thumbnail":["https:\/\/crossnet.potres.hr\/wp-content\/uploads\/2023\/02\/20230216_135737-2-600x400.jpg",600,400,true],"portfolio_item-thumbnail@2x":["https:\/\/crossnet.potres.hr\/wp-content\/uploads\/2023\/02\/20230216_135737-2-1200x800.jpg",1200,800,true],"portfolio_item-masonry":["https:\/\/crossnet.potres.hr\/wp-content\/uploads\/2023\/02\/20230216_135737-2-600x235.jpg",600,235,true],"portfolio_item-masonry@2x":["https:\/\/crossnet.potres.hr\/wp-content\/uploads\/2023\/02\/20230216_135737-2-1200x470.jpg",1200,470,true],"portfolio_item-thumbnail_cinema":["https:\/\/crossnet.potres.hr\/wp-content\/uploads\/2023\/02\/20230216_135737-2-800x335.jpg",800,335,true],"portfolio_item-thumbnail_portrait":["https:\/\/crossnet.potres.hr\/wp-content\/uploads\/2023\/02\/20230216_135737-2-600x900.jpg",600,900,true],"portfolio_item-thumbnail_portrait@2x":["https:\/\/crossnet.potres.hr\/wp-content\/uploads\/2023\/02\/20230216_135737-2-1200x1083.jpg",1200,1083,true],"portfolio_item-thumbnail_square":["https:\/\/crossnet.potres.hr\/wp-content\/uploads\/2023\/02\/20230216_135737-2-800x800.jpg",800,800,true]},"_links":{"self":[{"href":"https:\/\/crossnet.potres.hr\/index.php\/wp-json\/wp\/v2\/posts\/1796","targetHints":{"allow":["GET"]}}],"collection":[{"href":"https:\/\/crossnet.potres.hr\/index.php\/wp-json\/wp\/v2\/posts"}],"about":[{"href":"https:\/\/crossnet.potres.hr\/index.php\/wp-json\/wp\/v2\/types\/post"}],"author":[{"embeddable":true,"href":"https:\/\/crossnet.potres.hr\/index.php\/wp-json\/wp\/v2\/users\/2"}],"replies":[{"embeddable":true,"href":"https:\/\/crossnet.potres.hr\/index.php\/wp-json\/wp\/v2\/comments?post=1796"}],"version-history":[{"count":23,"href":"https:\/\/crossnet.potres.hr\/index.php\/wp-json\/wp\/v2\/posts\/1796\/revisions"}],"predecessor-version":[{"id":2285,"href":"https:\/\/crossnet.potres.hr\/index.php\/wp-json\/wp\/v2\/posts\/1796\/revisions\/2285"}],"wp:featuredmedia":[{"embeddable":true,"href":"https:\/\/crossnet.potres.hr\/index.php\/wp-json\/wp\/v2\/media\/2243"}],"wp:attachment":[{"href":"https:\/\/crossnet.potres.hr\/index.php\/wp-json\/wp\/v2\/media?parent=1796"}],"wp:term":[{"taxonomy":"category","embeddable":true,"href":"https:\/\/crossnet.potres.hr\/index.php\/wp-json\/wp\/v2\/categories?post=1796"},{"taxonomy":"post_tag","embeddable":true,"href":"https:\/\/crossnet.potres.hr\/index.php\/wp-json\/wp\/v2\/tags?post=1796"}],"curies":[{"name":"wp","href":"https:\/\/api.w.org\/{rel}","templated":true}]}}